{"id":393,"date":"2024-06-09T17:54:20","date_gmt":"2024-06-09T17:54:20","guid":{"rendered":"http:\/\/www.balte-jorns.de\/malschule\/?p=393"},"modified":"2024-06-09T17:57:27","modified_gmt":"2024-06-09T17:57:27","slug":"44-jahre-fuer-die-kunst","status":"publish","type":"post","link":"http:\/\/www.balte-jorns.de\/malschule\/?p=393","title":{"rendered":"44 Jahre f\u00fcr die Kunst"},"content":{"rendered":"\n<p>In diesem Jahr feiert die Malschule Jorns ein Jubil\u00e4um: 44 Jahre f\u00fcr die Kunst! Daf\u00fcr \u00f6ffnen wir am 10.06.2024 von 17:00 Uhr bis 20:00 Uhr und am 14.06.24 von 16:30 Uhr bis 19:00 Uhr unsere Ateliers. sie sind eingeladen, den Sch\u00fclern \u00fcber die Schulter zu schauen oder selber etwas auszuprobieren. wir zeigen Werke aus den Bereichen der Malerei, Grafik, Architektur, Mode-design und Bildhauerei. <\/p>\n\n\n\n<figure class=\"wp-block-image size-full\"><a href=\"http:\/\/www.balte-jorns.de\/malschule\/wp-content\/uploads\/2024\/06\/art-1851483_640.jpg\"><img decoding=\"async\" loading=\"lazy\" width=\"640\" height=\"382\" src=\"http:\/\/www.balte-jorns.de\/malschule\/wp-content\/uploads\/2024\/06\/art-1851483_640.jpg\" alt=\"\" class=\"wp-image-397\" srcset=\"http:\/\/www.balte-jorns.de\/malschule\/wp-content\/uploads\/2024\/06\/art-1851483_640.jpg 640w, http:\/\/www.balte-jorns.de\/malschule\/wp-content\/uploads\/2024\/06\/art-1851483_640-300x179.jpg 300w\" sizes=\"(max-width: 640px) 100vw, 640px\" \/><\/a><\/figure>\n","protected":false},"excerpt":{"rendered":"<p>In diesem Jahr feiert die Malschule Jorns ein Jubil\u00e4um: 44 Jahre f\u00fcr die Kunst! Daf\u00fcr \u00f6ffnen wir am 10.06.2024 von 17:00 Uhr bis 20:00 Uhr und am 14.06.24 von 16:30 Uhr bis 19:00 Uhr unsere Ateliers. sie sind eingeladen, den Sch\u00fclern \u00fcber die Schulter zu schauen oder selber etwas auszuprobieren. wir zeigen Werke aus den [&hellip;]<\/p>\n","protected":false},"author":1,"featured_media":0,"comment_status":"closed","ping_status":"closed","sticky":false,"template":"","format":"standard","meta":{"footnotes":""},"categories":[1],"tags":[],"_links":{"self":[{"href":"http:\/\/www.balte-jorns.de\/malschule\/index.php?rest_route=\/wp\/v2\/posts\/393"}],"collection":[{"href":"http:\/\/www.balte-jorns.de\/malschule\/index.php?rest_route=\/wp\/v2\/posts"}],"about":[{"href":"http:\/\/www.balte-jorns.de\/malschule\/index.php?rest_route=\/wp\/v2\/types\/post"}],"author":[{"embeddable":true,"href":"http:\/\/www.balte-jorns.de\/malschule\/index.php?rest_route=\/wp\/v2\/users\/1"}],"replies":[{"embeddable":true,"href":"http:\/\/www.balte-jorns.de\/malschule\/index.php?rest_route=%2Fwp%2Fv2%2Fcomments&post=393"}],"version-history":[{"count":4,"href":"http:\/\/www.balte-jorns.de\/malschule\/index.php?rest_route=\/wp\/v2\/posts\/393\/revisions"}],"predecessor-version":[{"id":398,"href":"http:\/\/www.balte-jorns.de\/malschule\/index.php?rest_route=\/wp\/v2\/posts\/393\/revisions\/398"}],"wp:attachment":[{"href":"http:\/\/www.balte-jorns.de\/malschule\/index.php?rest_route=%2Fwp%2Fv2%2Fmedia&parent=393"}],"wp:term":[{"taxonomy":"category","embeddable":true,"href":"http:\/\/www.balte-jorns.de\/malschule\/index.php?rest_route=%2Fwp%2Fv2%2Fcategories&post=393"},{"taxonomy":"post_tag","embeddable":true,"href":"http:\/\/www.balte-jorns.de\/malschule\/index.php?rest_route=%2Fwp%2Fv2%2Ftags&post=393"}],"curies":[{"name":"wp","href":"https:\/\/api.w.org\/{rel}","templated":true}]}}