{"id":321,"date":"2019-01-13T08:40:55","date_gmt":"2019-01-13T08:40:55","guid":{"rendered":"http:\/\/www.balte-jorns.de\/malschule\/?p=321"},"modified":"2019-01-13T08:40:55","modified_gmt":"2019-01-13T08:40:55","slug":"das-neue-kursprogramm-2019-ist-online","status":"publish","type":"post","link":"http:\/\/www.balte-jorns.de\/malschule\/?p=321","title":{"rendered":"Das neue Kursprogramm 2019 ist online"},"content":{"rendered":"<p><a href=\"http:\/\/www.balte-jorns.de\/malschule\/wp-content\/uploads\/2017\/08\/24766268412_c7cc095687_b.jpg\"><img decoding=\"async\" loading=\"lazy\" class=\"size-medium wp-image-298 alignleft\" src=\"http:\/\/www.balte-jorns.de\/malschule\/wp-content\/uploads\/2017\/08\/24766268412_c7cc095687_b-300x199.jpg\" alt=\"\" width=\"300\" height=\"199\" srcset=\"http:\/\/www.balte-jorns.de\/malschule\/wp-content\/uploads\/2017\/08\/24766268412_c7cc095687_b-300x199.jpg 300w, http:\/\/www.balte-jorns.de\/malschule\/wp-content\/uploads\/2017\/08\/24766268412_c7cc095687_b-768x510.jpg 768w, http:\/\/www.balte-jorns.de\/malschule\/wp-content\/uploads\/2017\/08\/24766268412_c7cc095687_b.jpg 1024w\" sizes=\"(max-width: 300px) 100vw, 300px\" \/><\/a>Das neue Kursprogramm ist online. Dieses k\u00f6nnen Sie sich <a href=\"http:\/\/www.balte-jorns.de\/malschule\/?page_id=4\">hier<\/a> anschauen.<\/p>\n<p>Viele Gr\u00fc\u00dfe<\/p>\n<p>Barbara Jorns<\/p>\n","protected":false},"excerpt":{"rendered":"<p>Das neue Kursprogramm ist online. Dieses k\u00f6nnen Sie sich hier anschauen. Viele Gr\u00fc\u00dfe Barbara Jorns<\/p>\n","protected":false},"author":1,"featured_media":0,"comment_status":"closed","ping_status":"closed","sticky":false,"template":"","format":"standard","meta":{"footnotes":""},"categories":[1],"tags":[],"_links":{"self":[{"href":"http:\/\/www.balte-jorns.de\/malschule\/index.php?rest_route=\/wp\/v2\/posts\/321"}],"collection":[{"href":"http:\/\/www.balte-jorns.de\/malschule\/index.php?rest_route=\/wp\/v2\/posts"}],"about":[{"href":"http:\/\/www.balte-jorns.de\/malschule\/index.php?rest_route=\/wp\/v2\/types\/post"}],"author":[{"embeddable":true,"href":"http:\/\/www.balte-jorns.de\/malschule\/index.php?rest_route=\/wp\/v2\/users\/1"}],"replies":[{"embeddable":true,"href":"http:\/\/www.balte-jorns.de\/malschule\/index.php?rest_route=%2Fwp%2Fv2%2Fcomments&post=321"}],"version-history":[{"count":2,"href":"http:\/\/www.balte-jorns.de\/malschule\/index.php?rest_route=\/wp\/v2\/posts\/321\/revisions"}],"predecessor-version":[{"id":323,"href":"http:\/\/www.balte-jorns.de\/malschule\/index.php?rest_route=\/wp\/v2\/posts\/321\/revisions\/323"}],"wp:attachment":[{"href":"http:\/\/www.balte-jorns.de\/malschule\/index.php?rest_route=%2Fwp%2Fv2%2Fmedia&parent=321"}],"wp:term":[{"taxonomy":"category","embeddable":true,"href":"http:\/\/www.balte-jorns.de\/malschule\/index.php?rest_route=%2Fwp%2Fv2%2Fcategories&post=321"},{"taxonomy":"post_tag","embeddable":true,"href":"http:\/\/www.balte-jorns.de\/malschule\/index.php?rest_route=%2Fwp%2Fv2%2Ftags&post=321"}],"curies":[{"name":"wp","href":"https:\/\/api.w.org\/{rel}","templated":true}]}}