{"id":311,"date":"2018-06-23T20:25:07","date_gmt":"2018-06-23T20:25:07","guid":{"rendered":"http:\/\/www.balte-jorns.de\/malschule\/?p=311"},"modified":"2018-06-23T20:25:26","modified_gmt":"2018-06-23T20:25:26","slug":"workshop-sommer-in-der-malschule-jorns","status":"publish","type":"post","link":"http:\/\/www.balte-jorns.de\/malschule\/?p=311","title":{"rendered":"Workshop: &#8222;Sommer in der Malschule Jorns&#8220;"},"content":{"rendered":"<p><a href=\"http:\/\/www.balte-jorns.de\/malschule\/wp-content\/uploads\/2017\/08\/atelier.jpg\"><img decoding=\"async\" loading=\"lazy\" class=\"size-medium wp-image-293 alignleft\" src=\"http:\/\/www.balte-jorns.de\/malschule\/wp-content\/uploads\/2017\/08\/atelier-300x200.jpg\" alt=\"\" width=\"300\" height=\"200\" srcset=\"http:\/\/www.balte-jorns.de\/malschule\/wp-content\/uploads\/2017\/08\/atelier-300x200.jpg 300w, http:\/\/www.balte-jorns.de\/malschule\/wp-content\/uploads\/2017\/08\/atelier-768x512.jpg 768w, http:\/\/www.balte-jorns.de\/malschule\/wp-content\/uploads\/2017\/08\/atelier-1024x683.jpg 1024w\" sizes=\"(max-width: 300px) 100vw, 300px\" \/><\/a>Der Duft von Sommerwiesen, das Zwitschern der V\u00f6gel, die langen, hellen Tage, das Sommerlicht, die Farben der vielen Blumen usw. Wir wollen uns einstimmen auf die Sommerferien und es mit den unterschiedlichen Materialien das Thema; SOMMER-FERIEN-FREIZEIT bildnerisch darstellen. F\u00fcr die Umsetzung k\u00f6nnen gro\u00dfformatige Malereien, Grafiken, Collagen, Montagen oder Plastiken angewendet werden.<\/p>\n<p>Termin: 28.06. &#8211; 29.06.2018 von 09:00 &#8211; 17:00 Uhr (mit Mittagspause)<\/p>\n<p>Anmeldung unter 0421 \/ 6589281 oder info@malschule-jorns.de<\/p>\n","protected":false},"excerpt":{"rendered":"<p>Der Duft von Sommerwiesen, das Zwitschern der V\u00f6gel, die langen, hellen Tage, das Sommerlicht, die Farben der vielen Blumen usw. Wir wollen uns einstimmen auf die Sommerferien und es mit den unterschiedlichen Materialien das Thema; SOMMER-FERIEN-FREIZEIT bildnerisch darstellen. F\u00fcr die Umsetzung k\u00f6nnen gro\u00dfformatige Malereien, Grafiken, Collagen, Montagen oder Plastiken angewendet werden. Termin: 28.06. &#8211; 29.06.2018 [&hellip;]<\/p>\n","protected":false},"author":1,"featured_media":0,"comment_status":"closed","ping_status":"closed","sticky":false,"template":"","format":"standard","meta":{"footnotes":""},"categories":[1],"tags":[],"_links":{"self":[{"href":"http:\/\/www.balte-jorns.de\/malschule\/index.php?rest_route=\/wp\/v2\/posts\/311"}],"collection":[{"href":"http:\/\/www.balte-jorns.de\/malschule\/index.php?rest_route=\/wp\/v2\/posts"}],"about":[{"href":"http:\/\/www.balte-jorns.de\/malschule\/index.php?rest_route=\/wp\/v2\/types\/post"}],"author":[{"embeddable":true,"href":"http:\/\/www.balte-jorns.de\/malschule\/index.php?rest_route=\/wp\/v2\/users\/1"}],"replies":[{"embeddable":true,"href":"http:\/\/www.balte-jorns.de\/malschule\/index.php?rest_route=%2Fwp%2Fv2%2Fcomments&post=311"}],"version-history":[{"count":2,"href":"http:\/\/www.balte-jorns.de\/malschule\/index.php?rest_route=\/wp\/v2\/posts\/311\/revisions"}],"predecessor-version":[{"id":313,"href":"http:\/\/www.balte-jorns.de\/malschule\/index.php?rest_route=\/wp\/v2\/posts\/311\/revisions\/313"}],"wp:attachment":[{"href":"http:\/\/www.balte-jorns.de\/malschule\/index.php?rest_route=%2Fwp%2Fv2%2Fmedia&parent=311"}],"wp:term":[{"taxonomy":"category","embeddable":true,"href":"http:\/\/www.balte-jorns.de\/malschule\/index.php?rest_route=%2Fwp%2Fv2%2Fcategories&post=311"},{"taxonomy":"post_tag","embeddable":true,"href":"http:\/\/www.balte-jorns.de\/malschule\/index.php?rest_route=%2Fwp%2Fv2%2Ftags&post=311"}],"curies":[{"name":"wp","href":"https:\/\/api.w.org\/{rel}","templated":true}]}}