{"id":292,"date":"2017-08-06T19:04:33","date_gmt":"2017-08-06T19:04:33","guid":{"rendered":"http:\/\/www.balte-jorns.de\/malschule\/?p=292"},"modified":"2017-08-06T19:04:33","modified_gmt":"2017-08-06T19:04:33","slug":"einweihung-des-neuen-malhauses-im-garten","status":"publish","type":"post","link":"http:\/\/www.balte-jorns.de\/malschule\/?p=292","title":{"rendered":"Einweihung des neuen Malhauses im Garten"},"content":{"rendered":"<p><a href=\"http:\/\/www.balte-jorns.de\/malschule\/wp-content\/uploads\/2017\/08\/atelier.jpg\"><img decoding=\"async\" loading=\"lazy\" class=\"size-medium wp-image-293 alignleft\" src=\"http:\/\/www.balte-jorns.de\/malschule\/wp-content\/uploads\/2017\/08\/atelier-300x200.jpg\" alt=\"\" width=\"300\" height=\"200\" srcset=\"http:\/\/www.balte-jorns.de\/malschule\/wp-content\/uploads\/2017\/08\/atelier-300x200.jpg 300w, http:\/\/www.balte-jorns.de\/malschule\/wp-content\/uploads\/2017\/08\/atelier-768x512.jpg 768w, http:\/\/www.balte-jorns.de\/malschule\/wp-content\/uploads\/2017\/08\/atelier-1024x683.jpg 1024w\" sizes=\"(max-width: 300px) 100vw, 300px\" \/><\/a>Am<u> <strong>19.08. 2017<\/strong> <\/u>wird unser neues Malhaus im Garten eingeweiht. In der Zeit von <strong><u>14.30-16.30 Uhr <\/u><\/strong>haben Kunstinteressierte die M\u00f6glichkeit den Sch\u00fclern \u00fcber die Schulter zu sehen, eventuell auch mitzumachen. 2017 entstanden zwei neue Postkarten unter dem Motto: <u>Schuhe. <\/u>Diese Modelle werden ausgestellt und von den Teilnehmern erl\u00e4utert.<\/p>\n","protected":false},"excerpt":{"rendered":"<p>Am 19.08. 2017 wird unser neues Malhaus im Garten eingeweiht. In der Zeit von 14.30-16.30 Uhr haben Kunstinteressierte die M\u00f6glichkeit den Sch\u00fclern \u00fcber die Schulter zu sehen, eventuell auch mitzumachen. 2017 entstanden zwei neue Postkarten unter dem Motto: Schuhe. Diese Modelle werden ausgestellt und von den Teilnehmern erl\u00e4utert.<\/p>\n","protected":false},"author":1,"featured_media":0,"comment_status":"closed","ping_status":"closed","sticky":false,"template":"","format":"standard","meta":{"footnotes":""},"categories":[1],"tags":[],"_links":{"self":[{"href":"http:\/\/www.balte-jorns.de\/malschule\/index.php?rest_route=\/wp\/v2\/posts\/292"}],"collection":[{"href":"http:\/\/www.balte-jorns.de\/malschule\/index.php?rest_route=\/wp\/v2\/posts"}],"about":[{"href":"http:\/\/www.balte-jorns.de\/malschule\/index.php?rest_route=\/wp\/v2\/types\/post"}],"author":[{"embeddable":true,"href":"http:\/\/www.balte-jorns.de\/malschule\/index.php?rest_route=\/wp\/v2\/users\/1"}],"replies":[{"embeddable":true,"href":"http:\/\/www.balte-jorns.de\/malschule\/index.php?rest_route=%2Fwp%2Fv2%2Fcomments&post=292"}],"version-history":[{"count":1,"href":"http:\/\/www.balte-jorns.de\/malschule\/index.php?rest_route=\/wp\/v2\/posts\/292\/revisions"}],"predecessor-version":[{"id":294,"href":"http:\/\/www.balte-jorns.de\/malschule\/index.php?rest_route=\/wp\/v2\/posts\/292\/revisions\/294"}],"wp:attachment":[{"href":"http:\/\/www.balte-jorns.de\/malschule\/index.php?rest_route=%2Fwp%2Fv2%2Fmedia&parent=292"}],"wp:term":[{"taxonomy":"category","embeddable":true,"href":"http:\/\/www.balte-jorns.de\/malschule\/index.php?rest_route=%2Fwp%2Fv2%2Fcategories&post=292"},{"taxonomy":"post_tag","embeddable":true,"href":"http:\/\/www.balte-jorns.de\/malschule\/index.php?rest_route=%2Fwp%2Fv2%2Ftags&post=292"}],"curies":[{"name":"wp","href":"https:\/\/api.w.org\/{rel}","templated":true}]}}