{"id":247,"date":"2016-07-17T08:44:54","date_gmt":"2016-07-17T08:44:54","guid":{"rendered":"http:\/\/www.balte-jorns.de\/malschule\/?p=247"},"modified":"2016-07-17T09:11:59","modified_gmt":"2016-07-17T09:11:59","slug":"wir-sind-ein-haus-weiter-gezogen","status":"publish","type":"post","link":"http:\/\/www.balte-jorns.de\/malschule\/?p=247","title":{"rendered":"Wir sind umgezogen: Ein Haus weiter in die Borchsh\u00f6her Stra\u00dfe 78"},"content":{"rendered":"<p>Di<a href=\"http:\/\/www.balte-jorns.de\/malschule\/wp-content\/uploads\/2016\/07\/titel_umzug.jpg\" rel=\"attachment wp-att-248\"><img decoding=\"async\" loading=\"lazy\" class=\"wp-image-248 alignleft\" src=\"http:\/\/www.balte-jorns.de\/malschule\/wp-content\/uploads\/2016\/07\/titel_umzug-235x300.jpg\" alt=\"Umzug\" width=\"163\" height=\"208\" srcset=\"http:\/\/www.balte-jorns.de\/malschule\/wp-content\/uploads\/2016\/07\/titel_umzug-235x300.jpg 235w, http:\/\/www.balte-jorns.de\/malschule\/wp-content\/uploads\/2016\/07\/titel_umzug.jpg 563w\" sizes=\"(max-width: 163px) 100vw, 163px\" \/><\/a>e Malschule Jorns ist ein Haus weiter in die Borchsh\u00f6her Stra\u00dfe 78 umgezogen. Im n\u00e4chsten Fr\u00fchjahr werden wir im geplanten Malpavillion\/Atelier im Garten unserer Kurse anbieten.<\/p>\n","protected":false},"excerpt":{"rendered":"<p>Die Malschule Jorns ist ein Haus weiter in die Borchsh\u00f6her Stra\u00dfe 78 umgezogen. Im n\u00e4chsten Fr\u00fchjahr werden wir im geplanten Malpavillion\/Atelier im Garten unserer Kurse anbieten.<\/p>\n","protected":false},"author":1,"featured_media":0,"comment_status":"closed","ping_status":"closed","sticky":false,"template":"","format":"standard","meta":{"footnotes":""},"categories":[1],"tags":[],"_links":{"self":[{"href":"http:\/\/www.balte-jorns.de\/malschule\/index.php?rest_route=\/wp\/v2\/posts\/247"}],"collection":[{"href":"http:\/\/www.balte-jorns.de\/malschule\/index.php?rest_route=\/wp\/v2\/posts"}],"about":[{"href":"http:\/\/www.balte-jorns.de\/malschule\/index.php?rest_route=\/wp\/v2\/types\/post"}],"author":[{"embeddable":true,"href":"http:\/\/www.balte-jorns.de\/malschule\/index.php?rest_route=\/wp\/v2\/users\/1"}],"replies":[{"embeddable":true,"href":"http:\/\/www.balte-jorns.de\/malschule\/index.php?rest_route=%2Fwp%2Fv2%2Fcomments&post=247"}],"version-history":[{"count":3,"href":"http:\/\/www.balte-jorns.de\/malschule\/index.php?rest_route=\/wp\/v2\/posts\/247\/revisions"}],"predecessor-version":[{"id":252,"href":"http:\/\/www.balte-jorns.de\/malschule\/index.php?rest_route=\/wp\/v2\/posts\/247\/revisions\/252"}],"wp:attachment":[{"href":"http:\/\/www.balte-jorns.de\/malschule\/index.php?rest_route=%2Fwp%2Fv2%2Fmedia&parent=247"}],"wp:term":[{"taxonomy":"category","embeddable":true,"href":"http:\/\/www.balte-jorns.de\/malschule\/index.php?rest_route=%2Fwp%2Fv2%2Fcategories&post=247"},{"taxonomy":"post_tag","embeddable":true,"href":"http:\/\/www.balte-jorns.de\/malschule\/index.php?rest_route=%2Fwp%2Fv2%2Ftags&post=247"}],"curies":[{"name":"wp","href":"https:\/\/api.w.org\/{rel}","templated":true}]}}