{"id":227,"date":"2015-08-09T09:44:17","date_gmt":"2015-08-09T09:44:17","guid":{"rendered":"http:\/\/www.balte-jorns.de\/malschule\/?p=227"},"modified":"2015-08-09T09:44:17","modified_gmt":"2015-08-09T09:44:17","slug":"kursprogramm-fuer-20152016-ist-online","status":"publish","type":"post","link":"http:\/\/www.balte-jorns.de\/malschule\/?p=227","title":{"rendered":"Kursprogramm f\u00fcr 2015\/2016 ist online"},"content":{"rendered":"<p>Das neue Kursprogramm ist online. Dieses k\u00f6nnen Sie sich <a href=\"http:\/\/www.balte-jorns.de\/malschule\/?page_id=4\">hier<\/a> anschauen.<\/p>\n<p>Viele Gr\u00fc\u00dfe<\/p>\n<p>Barbara Jorns<\/p>\n","protected":false},"excerpt":{"rendered":"<p>Das neue Kursprogramm ist online. Dieses k\u00f6nnen Sie sich hier anschauen. Viele Gr\u00fc\u00dfe Barbara Jorns<\/p>\n","protected":false},"author":1,"featured_media":0,"comment_status":"closed","ping_status":"closed","sticky":false,"template":"","format":"standard","meta":{"footnotes":""},"categories":[1],"tags":[],"_links":{"self":[{"href":"http:\/\/www.balte-jorns.de\/malschule\/index.php?rest_route=\/wp\/v2\/posts\/227"}],"collection":[{"href":"http:\/\/www.balte-jorns.de\/malschule\/index.php?rest_route=\/wp\/v2\/posts"}],"about":[{"href":"http:\/\/www.balte-jorns.de\/malschule\/index.php?rest_route=\/wp\/v2\/types\/post"}],"author":[{"embeddable":true,"href":"http:\/\/www.balte-jorns.de\/malschule\/index.php?rest_route=\/wp\/v2\/users\/1"}],"replies":[{"embeddable":true,"href":"http:\/\/www.balte-jorns.de\/malschule\/index.php?rest_route=%2Fwp%2Fv2%2Fcomments&post=227"}],"version-history":[{"count":2,"href":"http:\/\/www.balte-jorns.de\/malschule\/index.php?rest_route=\/wp\/v2\/posts\/227\/revisions"}],"predecessor-version":[{"id":232,"href":"http:\/\/www.balte-jorns.de\/malschule\/index.php?rest_route=\/wp\/v2\/posts\/227\/revisions\/232"}],"wp:attachment":[{"href":"http:\/\/www.balte-jorns.de\/malschule\/index.php?rest_route=%2Fwp%2Fv2%2Fmedia&parent=227"}],"wp:term":[{"taxonomy":"category","embeddable":true,"href":"http:\/\/www.balte-jorns.de\/malschule\/index.php?rest_route=%2Fwp%2Fv2%2Fcategories&post=227"},{"taxonomy":"post_tag","embeddable":true,"href":"http:\/\/www.balte-jorns.de\/malschule\/index.php?rest_route=%2Fwp%2Fv2%2Ftags&post=227"}],"curies":[{"name":"wp","href":"https:\/\/api.w.org\/{rel}","templated":true}]}}